{"id":1094,"date":"2023-04-03T16:48:35","date_gmt":"2023-04-03T14:48:35","guid":{"rendered":"https:\/\/www.illustrateur.pro\/?p=1094"},"modified":"2023-04-17T17:18:57","modified_gmt":"2023-04-17T15:18:57","slug":"la-4d-de-la-3d","status":"publish","type":"post","link":"https:\/\/www.illustrateur.pro\/index.php\/2023\/04\/03\/la-4d-de-la-3d\/","title":{"rendered":"La 4D de la 3D."},"content":{"rendered":"<p>[et_pb_section fb_built=\u00a0\u00bb1&Prime; admin_label=\u00a0\u00bbProjects\u00a0\u00bb _builder_version=\u00a0\u00bb4.16&Prime; custom_margin=\u00a0\u00bb20px||-1px|||\u00a0\u00bb custom_padding=\u00a0\u00bb0px||0||false|false\u00a0\u00bb global_colors_info=\u00a0\u00bb{}\u00a0\u00bb][et_pb_row _builder_version=\u00a0\u00bb4.20.2&Prime; _module_preset=\u00a0\u00bbdefault\u00a0\u00bb custom_margin=\u00a0\u00bb-3px|auto||auto||\u00a0\u00bb custom_padding=\u00a0\u00bb2px|||||\u00a0\u00bb global_colors_info=\u00a0\u00bb{}\u00a0\u00bb][et_pb_column type=\u00a0\u00bb4_4&Prime; _builder_version=\u00a0\u00bb4.20.2&Prime; _module_preset=\u00a0\u00bbdefault\u00a0\u00bb global_colors_info=\u00a0\u00bb{}\u00a0\u00bb][et_pb_video src=\u00a0\u00bbhttps:\/\/www.illustrateur.pro\/wp-content\/uploads\/2023\/04\/05_FIABILITE-PART4-.mp4&Prime; _builder_version=\u00a0\u00bb4.20.2&Prime; _module_preset=\u00a0\u00bbdefault\u00a0\u00bb global_colors_info=\u00a0\u00bb{}\u00a0\u00bb][\/et_pb_video][\/et_pb_column][\/et_pb_row][et_pb_row _builder_version=\u00a0\u00bb4.16&Prime; background_size=\u00a0\u00bbinitial\u00a0\u00bb background_position=\u00a0\u00bbtop_left\u00a0\u00bb background_repeat=\u00a0\u00bbrepeat\u00a0\u00bb custom_padding=\u00a0\u00bb0px||0px||true|false\u00a0\u00bb locked=\u00a0\u00bboff\u00a0\u00bb global_colors_info=\u00a0\u00bb{}\u00a0\u00bb][et_pb_column type=\u00a0\u00bb4_4&Prime; _builder_version=\u00a0\u00bb4.16&Prime; custom_padding=\u00a0\u00bb|||\u00a0\u00bb global_colors_info=\u00a0\u00bb{}\u00a0\u00bb custom_padding__hover=\u00a0\u00bb|||\u00a0\u00bb][et_pb_text _builder_version=\u00a0\u00bb4.20.2&Prime; _module_preset=\u00a0\u00bbdefault\u00a0\u00bb global_colors_info=\u00a0\u00bb{}\u00a0\u00bb]<\/p>\n<p><span class=\"break-words\"><span><span dir=\"ltr\">C&rsquo;est en plongeant dans les sous dossiers qui structurent chacun de <strong>mes projets client<\/strong> que je me rends compte que l&rsquo;<strong>animation 3D<\/strong> est gourmande en <strong>organisation<\/strong>.<br \/><strong>Storyboard<\/strong> (le guide)<br \/>Images fixes finalis\u00e9es des <strong>\u00e9tapes clefs<\/strong> (l&rsquo;apparence) <br \/><strong>Preview<\/strong> de l&rsquo;animation (le mouvement)<br \/><strong>Rendu final<\/strong> Hdef, on pense que c&rsquo;est fini\u2026<\/p>\n<p>\u00a0\u2026mais non, le <strong>montage<\/strong> finalisera ce que le storyboard n&rsquo;avait qu&rsquo;esquiss\u00e9, la <strong>partie sonore<\/strong> est essentielle, <strong>After Effects<\/strong> fusionnera l&rsquo;ensemble.<\/p>\n<p>Toutes ses \u00e9tapes permettent d&rsquo;avancer sereinement avec son client, on peut corriger, am\u00e9liorer avant de passer \u00e0 la suivante et en s&rsquo;appuyant sur ce qui a d\u00e9j\u00e0 \u00e9t\u00e9 valid\u00e9.<br \/>Voil\u00e0 qui m\u00e9rite mieux qu&rsquo;un gros dossier fourre tout :).<br \/>La <strong>4D<\/strong> c&rsquo;est la <strong>dimension temporelle<\/strong> de la <strong>3D<\/strong>. Le mouvement qui <strong>capte l&rsquo;attention<\/strong>, qui <strong>guide le regard<\/strong> et fait oublier tous les sous dossiers n\u00e9cessaires \u00e0 sa r\u00e9alisation&#8230;<\/p>\n<p>Un tout petit bout de l&rsquo;animation pr\u00e9sentant une nouvelle gamme de produit pour Austria Email (Groupe Atlantic).<\/p>\n<p><a href=\"https:\/\/www.linkedin.com\/feed\/hashtag\/?keywords=animation&amp;highlightedUpdateUrns=urn%3Ali%3Aactivity%3A7049020811814297600\" data-attribute-index=\"0\">#animation<\/a> <a href=\"https:\/\/www.linkedin.com\/feed\/hashtag\/?keywords=3d&amp;highlightedUpdateUrns=urn%3Ali%3Aactivity%3A7049020811814297600\" data-attribute-index=\"1\">#3d<\/a> <a href=\"https:\/\/www.linkedin.com\/feed\/hashtag\/?keywords=3danimation&amp;highlightedUpdateUrns=urn%3Ali%3Aactivity%3A7049020811814297600\" data-attribute-index=\"2\">#3danimation<\/a> <a href=\"https:\/\/www.linkedin.com\/feed\/hashtag\/?keywords=organisation&amp;highlightedUpdateUrns=urn%3Ali%3Aactivity%3A7049020811814297600\" data-attribute-index=\"3\">#organisation<\/a><\/span><\/span><\/span><\/p>\n<p>[\/et_pb_text][\/et_pb_column][\/et_pb_row][\/et_pb_section][et_pb_section fb_built=\u00a0\u00bb1&Prime; _builder_version=\u00a0\u00bb4.20.2&Prime; _module_preset=\u00a0\u00bbdefault\u00a0\u00bb custom_padding=\u00a0\u00bb0px|||||\u00a0\u00bb global_colors_info=\u00a0\u00bb{}\u00a0\u00bb][et_pb_row _builder_version=\u00a0\u00bb4.20.2&Prime; _module_preset=\u00a0\u00bbdefault\u00a0\u00bb global_colors_info=\u00a0\u00bb{}\u00a0\u00bb][et_pb_column type=\u00a0\u00bb4_4&Prime; _builder_version=\u00a0\u00bb4.20.2&Prime; _module_preset=\u00a0\u00bbdefault\u00a0\u00bb global_colors_info=\u00a0\u00bb{}\u00a0\u00bb][et_pb_image src=\u00a0\u00bbhttps:\/\/www.illustrateur.pro\/wp-content\/uploads\/2023\/03\/StoryBoard_23B-Coaxial_OLD.png\u00a0\u00bb title_text=\u00a0\u00bbStoryBoard_23B-Coaxial_OLD\u00a0\u00bb _builder_version=\u00a0\u00bb4.20.2&Prime; _module_preset=\u00a0\u00bbdefault\u00a0\u00bb global_colors_info=\u00a0\u00bb{}\u00a0\u00bb][\/et_pb_image][\/et_pb_column][\/et_pb_row][et_pb_row _builder_version=\u00a0\u00bb4.16&Prime; background_color=\u00a0\u00bbrgba(214,214,214,0.17)\u00a0\u00bb min_height=\u00a0\u00bb30px\u00a0\u00bb custom_margin=\u00a0\u00bb-20px||0px\u00a0\u00bb global_colors_info=\u00a0\u00bb{}\u00a0\u00bb][et_pb_column type=\u00a0\u00bb4_4&Prime; _builder_version=\u00a0\u00bb4.16&Prime; custom_padding=\u00a0\u00bb|||\u00a0\u00bb global_colors_info=\u00a0\u00bb{}\u00a0\u00bb custom_padding__hover=\u00a0\u00bb|||\u00a0\u00bb][et_pb_blurb use_icon=\u00a0\u00bbon\u00a0\u00bb font_icon=\u00a0\u00bb&#xe08a;||divi||400&Prime; icon_color=\u00a0\u00bb#000000&Prime; icon_placement=\u00a0\u00bbleft\u00a0\u00bb image_icon_width=\u00a0\u00bb20px\u00a0\u00bb content_max_width=\u00a0\u00bb1100px\u00a0\u00bb image_icon_width_last_edited=\u00a0\u00bboff|desktop\u00a0\u00bb _builder_version=\u00a0\u00bb4.20.2&Prime; header_font=\u00a0\u00bb||||||||\u00a0\u00bb body_font=\u00a0\u00bb||||||||\u00a0\u00bb custom_margin=\u00a0\u00bb0px|0px|-30px|10px\u00a0\u00bb custom_padding=\u00a0\u00bb0px||0px|||\u00a0\u00bb animation_style=\u00a0\u00bbfold\u00a0\u00bb animation_direction=\u00a0\u00bbbottom\u00a0\u00bb animation_intensity_fold=\u00a0\u00bb20%\u00a0\u00bb border_style_all=\u00a0\u00bbnone\u00a0\u00bb icon_font_size=\u00a0\u00bb20px\u00a0\u00bb icon_font_size_last_edited=\u00a0\u00bboff|desktop\u00a0\u00bb locked=\u00a0\u00bboff\u00a0\u00bb global_colors_info=\u00a0\u00bb{}\u00a0\u00bb]<\/p>\n<ul>\n<li>Date : F\u00e9vrier, 2020<\/li>\n<li><span>Cat\u00e9gorie : animation 3D &#8211; mod\u00e9lisation<br \/><\/span><\/li>\n<\/ul>\n<p>[\/et_pb_blurb][\/et_pb_column][\/et_pb_row][\/et_pb_section]<\/p>\n","protected":false},"excerpt":{"rendered":"<p>C&rsquo;est en plongeant dans les sous dossiers qui structurent chacun de mes projets client que je me rends compte que l&rsquo;animation 3D est gourmande en organisation.Storyboard (le guide)Images fixes finalis\u00e9es des \u00e9tapes clefs (l&rsquo;apparence) Preview de l&rsquo;animation (le mouvement)Rendu final Hdef, on pense que c&rsquo;est fini\u2026 \u00a0\u2026mais non, le montage finalisera ce que le storyboard [&hellip;]<\/p>\n","protected":false},"author":1,"featured_media":0,"comment_status":"open","ping_status":"open","sticky":false,"template":"","format":"standard","meta":{"_et_pb_use_builder":"on","_et_pb_old_content":"","_et_gb_content_width":"","footnotes":""},"categories":[11,29,30,31,13,14],"tags":[],"class_list":["post-1094","post","type-post","status-publish","format-standard","hentry","category-3d","category-animation","category-blog","category-motion-design","category-storyboard","category-technique"],"_links":{"self":[{"href":"https:\/\/www.illustrateur.pro\/index.php\/wp-json\/wp\/v2\/posts\/1094","targetHints":{"allow":["GET"]}}],"collection":[{"href":"https:\/\/www.illustrateur.pro\/index.php\/wp-json\/wp\/v2\/posts"}],"about":[{"href":"https:\/\/www.illustrateur.pro\/index.php\/wp-json\/wp\/v2\/types\/post"}],"author":[{"embeddable":true,"href":"https:\/\/www.illustrateur.pro\/index.php\/wp-json\/wp\/v2\/users\/1"}],"replies":[{"embeddable":true,"href":"https:\/\/www.illustrateur.pro\/index.php\/wp-json\/wp\/v2\/comments?post=1094"}],"version-history":[{"count":7,"href":"https:\/\/www.illustrateur.pro\/index.php\/wp-json\/wp\/v2\/posts\/1094\/revisions"}],"predecessor-version":[{"id":1106,"href":"https:\/\/www.illustrateur.pro\/index.php\/wp-json\/wp\/v2\/posts\/1094\/revisions\/1106"}],"wp:attachment":[{"href":"https:\/\/www.illustrateur.pro\/index.php\/wp-json\/wp\/v2\/media?parent=1094"}],"wp:term":[{"taxonomy":"category","embeddable":true,"href":"https:\/\/www.illustrateur.pro\/index.php\/wp-json\/wp\/v2\/categories?post=1094"},{"taxonomy":"post_tag","embeddable":true,"href":"https:\/\/www.illustrateur.pro\/index.php\/wp-json\/wp\/v2\/tags?post=1094"}],"curies":[{"name":"wp","href":"https:\/\/api.w.org\/{rel}","templated":true}]}}