{"id":816,"date":"2018-11-15T16:50:47","date_gmt":"2018-11-15T15:50:47","guid":{"rendered":"https:\/\/www.illustrateur.pro\/?p=816"},"modified":"2022-12-19T16:51:59","modified_gmt":"2022-12-19T15:51:59","slug":"moteurs-de-rendu","status":"publish","type":"post","link":"https:\/\/www.illustrateur.pro\/index.php\/2018\/11\/15\/moteurs-de-rendu\/","title":{"rendered":"Illustration 3D, \u00e7a bouge dans le moteur !"},"content":{"rendered":"<p>[et_pb_section fb_built=\u00a0\u00bb1&Prime; _builder_version=\u00a0\u00bb4.19.2&Prime; _module_preset=\u00a0\u00bbdefault\u00a0\u00bb min_height=\u00a0\u00bb405.2px\u00a0\u00bb custom_padding=\u00a0\u00bb0px|||||\u00a0\u00bb global_colors_info=\u00a0\u00bb{}\u00a0\u00bb][et_pb_row _builder_version=\u00a0\u00bb4.19.2&Prime; _module_preset=\u00a0\u00bbdefault\u00a0\u00bb global_colors_info=\u00a0\u00bb{}\u00a0\u00bb][et_pb_column type=\u00a0\u00bb4_4&Prime; _builder_version=\u00a0\u00bb4.19.2&Prime; _module_preset=\u00a0\u00bbdefault\u00a0\u00bb global_colors_info=\u00a0\u00bb{}\u00a0\u00bb][et_pb_text _builder_version=\u00a0\u00bb4.19.2&Prime; _module_preset=\u00a0\u00bbdefault\u00a0\u00bb global_colors_info=\u00a0\u00bb{}\u00a0\u00bb]<\/p>\n<div dir=\"ltr\" class=\"reader-article-content reader-article-content--legacy-html reader-article-content--longform-theme\">\n<p>Le <strong>moteur de rendu<\/strong> peut-\u00eatre celui fourni avec le logiciel de 3D ou un logiciel ind\u00e9pendant qui va s&rsquo;int\u00e9grer \u00e0 votre workflow. C&rsquo;est lui qui va <strong>g\u00e9n\u00e9rer une image \u00e0 partir d&rsquo;un mod\u00e8le 3D<\/strong>. Il est un des points clef pour les temps de rendu, la qualit\u00e9 et la mise au point d&rsquo;une <strong>illustration<\/strong>.<\/p>\n<p>Ces derniers temps, le monde des moteurs de rendus 3D est particuli\u00e8rement dynamique. Le d\u00e9veloppement du v\u00e9n\u00e9rable et renomm\u00e9 <strong>Vray renderer<\/strong>, dans sa version pour Cin\u00e9ma 4D, a \u00e9t\u00e9 <strong>repris par Chaos Group<\/strong> (d\u00e9veloppeurs des versions 3Ds Max, Maya\u2026). Jusqu\u2019\u00e0 pr\u00e9sent c\u2019\u00e9tait LAUBLab qui s\u2019occupait de cette version. Apr\u00e8s le rachat du moteur de rendu Arnold par Autodesk (3Ds Max et Maya), qui sera inclus dans leurs licences, Chaos Group r\u00e9agit et s\u2019offre une possibilit\u00e9 de d\u00e9veloppement chez les utilisateurs de Cin\u00e9ma 4D.<\/p>\n<p>J\u2019ai particuli\u00e8rement appr\u00e9ci\u00e9 Vray4C4D sur des projets d\u2019<a href=\"http:\/\/laurentlafosse.com\/video-atlantic.html\" target=\"_blank\" rel=\"nofollow noopener\">int\u00e9gration de produits client<\/a> dans des int\u00e9rieurs d\u2019appartements. Mais, alors que sur les autres logiciels le moteur de rendu \u00e9voluait r\u00e9guli\u00e8rement, la version Cin\u00e9ma 4D est longtemps rest\u00e9e en 1.9.\u00a0Dans le m\u00eame temps fleurissait les <strong>nouveaux moteurs GPU ou CPU\/GPU<\/strong> (Octane, Redshift, Arnold\u2026) avec leur pr\u00e9visualisation temps r\u00e9el. J&rsquo;ai d&rsquo;ailleurs c\u00e9d\u00e9 aux sir\u00e8nes d&rsquo;Octane et \u00e0 son efficacit\u00e9 redoutable. Vray4C4D en retournant dans le giron de Chaos Group devrait \u00e9voluer au m\u00eame rythme d\u00e9sormais que les versions pour les autres logiciels 3D. <strong>Une \u00e9volution \u00e0 suivre<\/strong> avec int\u00e9r\u00eat par les passionn\u00e9s de belles images.<\/p>\n<\/div>\n<p>[\/et_pb_text][\/et_pb_column][\/et_pb_row][et_pb_row _builder_version=\u00a0\u00bb4.19.2&Prime; _module_preset=\u00a0\u00bbdefault\u00a0\u00bb min_height=\u00a0\u00bb430px\u00a0\u00bb][et_pb_column _builder_version=\u00a0\u00bb4.19.2&Prime; _module_preset=\u00a0\u00bbdefault\u00a0\u00bb type=\u00a0\u00bb4_4&Prime;][et_pb_image src=\u00a0\u00bbhttps:\/\/www.illustrateur.pro\/wp-content\/uploads\/2022\/12\/Robot_ABK3_VRay_Der-scaled.jpg\u00a0\u00bb _builder_version=\u00a0\u00bb4.19.2&Prime; _module_preset=\u00a0\u00bbdefault\u00a0\u00bb title_text=\u00a0\u00bbRobot_ABK3_VRay_Der\u00a0\u00bb hover_enabled=\u00a0\u00bb0&Prime; sticky_enabled=\u00a0\u00bb0&Prime;][\/et_pb_image][\/et_pb_column][\/et_pb_row][\/et_pb_section]<\/p>\n","protected":false},"excerpt":{"rendered":"<p>Le moteur de rendu peut-\u00eatre celui fourni avec le logiciel de 3D ou un logiciel ind\u00e9pendant qui va s&rsquo;int\u00e9grer \u00e0 votre workflow. C&rsquo;est lui qui va g\u00e9n\u00e9rer une image \u00e0 partir d&rsquo;un mod\u00e8le 3D. Il est un des points clef pour les temps de rendu, la qualit\u00e9 et la mise au point d&rsquo;une illustration. Ces [&hellip;]<\/p>\n","protected":false},"author":1,"featured_media":0,"comment_status":"closed","ping_status":"closed","sticky":false,"template":"","format":"standard","meta":{"_et_pb_use_builder":"on","_et_pb_old_content":"","_et_gb_content_width":"","footnotes":""},"categories":[11,30,9,14],"tags":[],"class_list":["post-816","post","type-post","status-publish","format-standard","hentry","category-3d","category-blog","category-illustration","category-technique"],"_links":{"self":[{"href":"https:\/\/www.illustrateur.pro\/index.php\/wp-json\/wp\/v2\/posts\/816","targetHints":{"allow":["GET"]}}],"collection":[{"href":"https:\/\/www.illustrateur.pro\/index.php\/wp-json\/wp\/v2\/posts"}],"about":[{"href":"https:\/\/www.illustrateur.pro\/index.php\/wp-json\/wp\/v2\/types\/post"}],"author":[{"embeddable":true,"href":"https:\/\/www.illustrateur.pro\/index.php\/wp-json\/wp\/v2\/users\/1"}],"replies":[{"embeddable":true,"href":"https:\/\/www.illustrateur.pro\/index.php\/wp-json\/wp\/v2\/comments?post=816"}],"version-history":[{"count":8,"href":"https:\/\/www.illustrateur.pro\/index.php\/wp-json\/wp\/v2\/posts\/816\/revisions"}],"predecessor-version":[{"id":877,"href":"https:\/\/www.illustrateur.pro\/index.php\/wp-json\/wp\/v2\/posts\/816\/revisions\/877"}],"wp:attachment":[{"href":"https:\/\/www.illustrateur.pro\/index.php\/wp-json\/wp\/v2\/media?parent=816"}],"wp:term":[{"taxonomy":"category","embeddable":true,"href":"https:\/\/www.illustrateur.pro\/index.php\/wp-json\/wp\/v2\/categories?post=816"},{"taxonomy":"post_tag","embeddable":true,"href":"https:\/\/www.illustrateur.pro\/index.php\/wp-json\/wp\/v2\/tags?post=816"}],"curies":[{"name":"wp","href":"https:\/\/api.w.org\/{rel}","templated":true}]}}